{"id":2192,"__str__":"Emenda \u00e0 Loman n\u00ba 82, de 20 de maio de 2013","metadata":{},"texto_integral":"http://sapl.cmm.am.gov.br/media/sapl/public/normajuridica/2013/2192/emenda_a_loman_082_de_20_05_2013.pdf","numero":"82","ano":2013,"esfera_federacao":"M","data":"2013-05-20","data_publicacao":"2013-05-21","veiculo_publicacao":"DOM","pagina_inicio_publicacao":49,"pagina_fim_publicacao":49,"ementa":"ACRESCENTA o art. 280-A e par\u00e1grafo \u00fanico \u00e0 Lei Org\u00e2nica do Munic\u00edpio de Manaus.","indexacao":"PEL n. 005/2012\r\nAutoria: Ver. Gilmar Nascimento\r\nPublica\u00e7\u00e3o: DOM de 21.05.2013, edi\u00e7\u00e3o n. 3172, Ano XIV \t\r\nPalavras-chave: Transporte, Kombi, Besta, Vans e similares, servi\u00e7o de transporte individual de passageiros,","observacao":"","complemento":false,"data_vigencia":null,"timestamp":"2023-02-24T14:26:18.174884-04:00","data_ultima_atualizacao":"2023-02-24T14:26:18.175082-04:00","ip":"172.17.0.1","ultima_edicao":"2023-02-24T14:26:18.170265-04:00","tipo":5,"materia":null,"orgao":null,"user":18,"assuntos":[77],"autores":[]}