{"id":2176,"__str__":"Emenda \u00e0 Loman n\u00ba 98, de 19 de julho de 2019","metadata":{},"texto_integral":"http://sapl.cmm.am.gov.br/media/sapl/public/normajuridica/2019/2176/emenda_a_loman_098_de_16_07_2019.pdf","numero":"98","ano":2019,"esfera_federacao":"M","data":"2019-07-19","data_publicacao":"2019-07-19","veiculo_publicacao":"e-DOLM","pagina_inicio_publicacao":1,"pagina_fim_publicacao":1,"ementa":"REVOGA o inciso VII e o par\u00e1grafo \u00fanico do art. 36 e acrescenta o inciso VIII ao art. 45 da Lei Org\u00e2nica do Munic\u00edpio de Manaus (Loman), que trata da compet\u00eancia do Presidente da C\u00e2mara Municipal.","indexacao":"Viagens \r\nvereadores\r\ncompet\u00eancia \r\nPresidente \r\nC\u00e2mara Municipal\r\ne-DOLM N. 1131 \r\nANO VII\t\r\nPEL \u2013 004/2019\r\nAutoria: Mesa Diretora da CMM","observacao":"","complemento":false,"data_vigencia":null,"timestamp":"2021-04-22T10:42:01.428004-04:00","data_ultima_atualizacao":"2021-04-22T10:42:01.428188-04:00","ip":"201.75.25.251","ultima_edicao":"2021-04-22T10:42:01.423927-04:00","tipo":5,"materia":null,"orgao":null,"user":18,"assuntos":[],"autores":[]}