{"id":1990,"__str__":"Lei Ordin\u00e1ria n\u00ba 1.333, de 19 de maio de 2009","metadata":{},"texto_integral":"http://sapl.cmm.am.gov.br/media/sapl/public/normajuridica/2009/1990/lei_n_1333_de_19_mai_2009_.pdf","numero":"1333","ano":2009,"esfera_federacao":"M","data":"2009-05-19","data_publicacao":"2009-05-19","veiculo_publicacao":"DOM","pagina_inicio_publicacao":4,"pagina_fim_publicacao":9,"ementa":"ALTERA o Programa de Parcerias P\u00fablico-Privadas do Munic\u00edpio de Manaus \u2013 Programa PPP/Manaus \u2013, revoga a Lei n.\u00ba 977/2006, e d\u00e1 outras provid\u00eancias.","indexacao":"PL \u2013 076/2009    Autoria: Executivo Municipal\r\nPublica\u00e7\u00e3o: DOM, n. 2.207, 19.05.2009 \r\nPalavras-chave: servi\u00e7o p\u00fablico, Programa de Parcerias P\u00fablico-Privadas do Munic\u00edpio de Manaus \u2013 Programa PPP/Manaus, Lei Federal n\u00b0 11.079/2004,  Leis Federais n.\u00b0 8.987/95 e n.\u00b0 8.666/93, Administra\u00e7\u00e3o direta, aos fundos especiais, \u00e0s autarquias, \u00e0s funda\u00e7\u00f5es p\u00fablicas, \u00e0s empresas p\u00fablicas, \u00e0s sociedades de economia mista e \u00e0s demais entidades controladas direta ou \r\nindiretamente pelo Munic\u00edpio, Programa de Parcerias P\u00fablico-Privadas, politicas p\u00fablicas, transpar\u00eancia, qualidade e continuidade dos servi\u00e7os, respeito aos interesses e direitos dos usu\u00e1rios e dos agentes privados, sustentabilidade financeira e socioecon\u00f4mica ,  responsabilidade fiscal na contrata\u00e7\u00e3o e execu\u00e7\u00e3o das parcerias;  indisponibilidade das fun\u00e7\u00f5es pol\u00edticas, normativa, policial reguladora, controladora e fiscalizadora do Munic\u00edpio;  responsabilidade fiscal, social e ambiental; remunera\u00e7\u00e3o do contrato vinculada, Secretaria de Programas e Projetos Especiais e Gest\u00e3o Tecnol\u00f3gica \u2013 Semtec, concess\u00e3o \u00e0 gest\u00e3o privada, educa\u00e7\u00e3o; sa\u00fade;  assist\u00eancia social;  transporte;  saneamento b\u00e1sico;  seguran\u00e7a;  ci\u00eancia, pesquisa e tecnologia;   agroneg\u00f3cio;  infraestrutura na \u00e1rea do desporto;   outras \u00e1reas p\u00fablicas de interesse social e econ\u00f4mico, Parceria p\u00fablico-privada, Programa de Parcerias P\u00fablico-Privadas, Sociedade de Prop\u00f3sito Espec\u00edfico \u2013 SPE, Comit\u00ea Gestor do Programa PPP/Manaus,  Gabinete do Secret\u00e1rio Municipal de Programas e Projetos Especiais e Gest\u00e3o Tecnol\u00f3gica / Semtec,, Regimento do Fundo Municipal Garantidor dos Projetos de Parcerias P\u00fablicas-Privadas Fungep, pol\u00edtica tarif\u00e1ria, reajustes, conceitos, metodologias, equil\u00edbrio econ\u00f4mico-financeiro,  Secret\u00e1rio Chefe da Casa Civil do Munic\u00edpio; Secret\u00e1rio Municipal de Planejamento;  Secret\u00e1rio Municipal de Administra\u00e7\u00e3o;  Secret\u00e1rio Municipal de Finan\u00e7as;  Secret\u00e1rio Municipal de Programas e Projetos Especiais e Gest\u00e3o Tecnol\u00f3gica;  Procurador Geral do Munic\u00edpio;  aliena\u00e7\u00e3o fiduci\u00e1ria, contratos que produzam, garantia, real ou pessoal, projetos de Parcerias P\u00fablico-Privadas. projetos do Programa PPP/Manaus, poder\u00e3o ser isentos do Imposto Predial e Territorial Urbano \u2013 IPTU, Os bens im\u00f3veis alienados em fun\u00e7\u00e3o da realiza\u00e7\u00e3o dos projetos do Programa PPP/Manaus,  poder\u00e3o ser isentos do Imposto sobre Transmiss\u00e3o Inter-Vivos, contratos de parceria p\u00fablico-privada.","observacao":"Alterada pela Lei n. 1549 de 11.01.2011, publicada no DOM de 11.01.2011, n. 2602, Ano XII.\r\nAlterada pela Lei n. 1597 de 10.10.2011, publicada no DOM de 10.10.2011, n. 2786, Ano XII.\r\nAlterada pela Lei n. 2551 de 17.12.2019, publicada no DOM de 17.12.2019, n. 2742, Ano XX.\r\nRevogada pela Lei n. 2619 de 01.07.2020, publicada no DOM de 01.07.2020, n. 4972, Ano XXI.","complemento":false,"data_vigencia":"2020-07-01","timestamp":"2024-09-13T16:46:20.163328-04:00","data_ultima_atualizacao":"2024-09-13T16:46:20.165113-04:00","ip":"172.23.4.180","ultima_edicao":"2024-09-13T16:46:19.908761-04:00","tipo":2,"materia":null,"orgao":null,"user":18,"assuntos":[39,261],"autores":[]}