{"id":1966,"__str__":"Lei Ordin\u00e1ria n\u00ba 2.643, de 30 de julho de 2020","metadata":{},"texto_integral":"http://sapl.cmm.am.gov.br/media/sapl/public/normajuridica/2020/1966/lei_n_2643_de_30_jul_2020.pdf","numero":"2643","ano":2020,"esfera_federacao":"M","data":"2020-07-30","data_publicacao":"2020-07-30","veiculo_publicacao":"DOM","pagina_inicio_publicacao":null,"pagina_fim_publicacao":null,"ementa":"Disp\u00f5e sobre a obrigatoriedade do uso de m\u00e1scara de prote\u00e7\u00e3o no munic\u00edpio de Manaus e d\u00e1 outras provid\u00eancias.","indexacao":"PL n. 101/2020\r\nAutoria: Ver. Dante\r\nPublica\u00e7\u00e3o: Publica\u00e7\u00e3o: DOM de 30.07.2020, edi\u00e7\u00e3o n. 4893, Ano XXI\r\nPalavras chaves: obrigatoriedade uso m\u00e1scara de prote\u00e7\u00e3o, Sa\u00fade, espa\u00e7os p\u00fablicos e privados, surto da Epidemia e Pandemia da Covid-19","observacao":"Alterada pela Lei n. 2.719, de 16.12.2020. Publicada no DOM de 16.12.2020, edi\u00e7\u00e3o n. 4987, ano XXI.","complemento":false,"data_vigencia":null,"timestamp":"2023-12-09T23:43:36.062242-04:00","data_ultima_atualizacao":"2023-12-09T23:43:36.062435-04:00","ip":"172.17.0.1","ultima_edicao":"2023-12-09T23:43:36.058018-04:00","tipo":2,"materia":699,"orgao":null,"user":18,"assuntos":[80],"autores":[]}