{"id":1955,"__str__":"Lei Ordin\u00e1ria n\u00ba 2.672, de 09 de setembro de 2020","metadata":{},"texto_integral":"http://sapl.cmm.am.gov.br/media/sapl/public/normajuridica/2020/1955/lei_n_2672_de_09_set_2020_.pdf","numero":"2672","ano":2020,"esfera_federacao":"M","data":"2020-09-09","data_publicacao":"2020-09-09","veiculo_publicacao":"DOM","pagina_inicio_publicacao":null,"pagina_fim_publicacao":null,"ementa":"DISP\u00d5E sobre medidas de prote\u00e7\u00e3o e seguran\u00e7a a serem adotadas no uso de elevadores no munic\u00edpio de Manaus e d\u00e1 outras provid\u00eancias.","indexacao":"PL n. 166/2020\r\nAutoria: Ver. Isaac Tayah\r\nPublica\u00e7\u00e3o: DOM de 09.09.2020, edi\u00e7\u00e3o n. 4922, Ano XXI\r\nPalavras-chave: Elevadores, Covid-19. Sa\u00fade, medidas de prote\u00e7\u00e3o e seguran\u00e7a, preven\u00e7\u00e3o, \u00e1lcool em gel, higieniza\u00e7\u00e3o","observacao":"","complemento":false,"data_vigencia":null,"timestamp":"2022-10-13T00:29:14.811427-04:00","data_ultima_atualizacao":"2022-10-13T00:29:14.811612-04:00","ip":"172.17.0.1","ultima_edicao":"2022-10-13T00:29:14.807406-04:00","tipo":2,"materia":1005,"orgao":null,"user":18,"assuntos":[65],"autores":[]}