{"id":1950,"__str__":"Lei Ordin\u00e1ria n\u00ba 2.667, de 02 de setembro de 2020","metadata":{},"texto_integral":"http://sapl.cmm.am.gov.br/media/sapl/public/normajuridica/2020/1950/lei_n_2667_de_02_set_2020.pdf","numero":"2667","ano":2020,"esfera_federacao":"M","data":"2020-09-02","data_publicacao":"2020-09-02","veiculo_publicacao":"DOM","pagina_inicio_publicacao":null,"pagina_fim_publicacao":null,"ementa":"DISP\u00d5E sobre a cria\u00e7\u00e3o do Selo Empresa Parceira no combate do coronav\u00edrus (Covid-19) no munic\u00edpio de Manaus e d\u00e1 outras provid\u00eancias.","indexacao":"PL n. 141/2020\r\nAutoria: Ver. Amauri Colares\r\nPublica\u00e7\u00e3o: DOM de 02.09.2020, edi\u00e7\u00e3o n. 4918, Ano XXI\r\nPalavras-chave: cria\u00e7\u00e3o do Selo Empresa Parceira, combate do coronav\u00edrus (Covid-19), sa\u00fade, responsabilidade social das empresas, secretarias municipais, doa\u00e7\u00f5es de alimentos e/ou produtos e equipamentos de prote\u00e7\u00e3o individual (EPIs), higieniza\u00e7\u00e3o para as institui\u00e7\u00f5es de sa\u00fade municipais e/ou comunidades mais carentes, programas de enfrentamento do coronav\u00edrus, enfrentamento da emerg\u00eancia de sa\u00fade p\u00fablica, profissionais e pacientes infectados, transfer\u00eancias de doa\u00e7\u00f5es, grupos vulner\u00e1veis e afetados pela pandemia, selo, Diploma de Gratid\u00e3o do Munic\u00edpio do Manaus,","observacao":"","complemento":false,"data_vigencia":null,"timestamp":"2022-10-13T00:34:38.547148-04:00","data_ultima_atualizacao":"2022-10-13T00:34:38.547331-04:00","ip":"172.17.0.1","ultima_edicao":"2022-10-13T00:34:38.543036-04:00","tipo":2,"materia":871,"orgao":null,"user":18,"assuntos":[237,31],"autores":[]}