{"id":1945,"__str__":"Lei Ordin\u00e1ria n\u00ba 2.640, de 24 de julho de 2020","metadata":{},"texto_integral":"http://sapl.cmm.am.gov.br/media/sapl/public/normajuridica/2020/1945/lei_n_2640_de_24_jul_2020.pdf","numero":"2640","ano":2020,"esfera_federacao":"M","data":"2020-07-24","data_publicacao":"2020-07-24","veiculo_publicacao":"Di\u00e1rio Oficial do Munic\u00edpio","pagina_inicio_publicacao":1,"pagina_fim_publicacao":1,"ementa":"INSTITUI, no munic\u00edpio de Manaus, a Campanha Permanente de Preven\u00e7\u00e3o das Doen\u00e7as Ocupacionais dos Profissionais da Educa\u00e7\u00e3o.","indexacao":"PL n. 137/2019\r\nAutoria: Ver. Everto Assis\r\nPublica\u00e7\u00e3o: DOM de 24.07.2020, edi\u00e7\u00e3o n. 4889, Ano XXI\r\nPalavras-chave: Campanha Permanente de Preven\u00e7\u00e3o das Doen\u00e7as Ocupacionais, Profissionais da Educa\u00e7\u00e3o, Sa\u00fade ocupacional, les\u00f5es na coluna vertebral, les\u00f5es nos membros superiores e inferiores, s\u00edndrome de Burnout, problemas vasculares, les\u00f5es das cordas vocais, altera\u00e7\u00e3o nas estruturas osteomusculares, tend\u00f5es, articula\u00e7\u00f5es, m\u00fasculos e nervos, risco de manifestar doen\u00e7as decorrentes do exerc\u00edcio profissional, m\u00e9todos e pr\u00e1ticas preventivas de combate \u00e0s enfermidades, exerc\u00edcio profissional","observacao":"","complemento":false,"data_vigencia":null,"timestamp":"2022-10-13T01:00:33.519184-04:00","data_ultima_atualizacao":"2022-10-13T01:00:33.519370-04:00","ip":"172.17.0.1","ultima_edicao":"2022-10-13T01:00:33.514862-04:00","tipo":2,"materia":942,"orgao":null,"user":18,"assuntos":[32,65],"autores":[]}