{"id":1942,"__str__":"Lei Ordin\u00e1ria n\u00ba 2.637, de 21 de julho de 2020","metadata":{},"texto_integral":"http://sapl.cmm.am.gov.br/media/sapl/public/normajuridica/2020/1942/lei_n_2637_de_21_jul_2020.pdf","numero":"2637","ano":2020,"esfera_federacao":"M","data":"2020-07-21","data_publicacao":"2020-07-21","veiculo_publicacao":"Di\u00e1rio Oficial do Munic\u00edpio","pagina_inicio_publicacao":1,"pagina_fim_publicacao":1,"ementa":"\"Disp\u00f5e sobre a obrigatoriedade de afixa\u00e7\u00e3o de cartazes informativos com orienta\u00e7\u00f5es b\u00e1sicas de combate ao Covid-19, em estabelecimentos comerciais considerados essenciais no munic\u00edpio de Manaus, e d\u00e1 outras provid\u00eancias.\"","indexacao":"PL n. 093/2020\r\nAutoria: Ver.\u00aa Gl\u00f3ria Carratte\r\nPublica\u00e7\u00e3o: DOM de 21.07.2020, edi\u00e7\u00e3o n. 4886, Ano XXI\r\nPalavras-chave: obrigatoriedade de afixa\u00e7\u00e3o de cartazes informativos, orienta\u00e7\u00f5es b\u00e1sicas de combate ao Covid-19, estabelecimentos comerciais essenciais, com\u00e9rcio, sa\u00fade, higieniza\u00e7\u00e3o, uso de \u00e1lcool em gel, uso de m\u00e1scaras de prote\u00e7\u00e3o, uso de luvas, prote\u00e7\u00e3o e distanciamento","observacao":"","complemento":false,"data_vigencia":null,"timestamp":"2022-10-13T01:03:09.549180-04:00","data_ultima_atualizacao":"2022-10-13T01:03:09.549351-04:00","ip":"172.17.0.1","ultima_edicao":"2022-10-13T01:03:09.545237-04:00","tipo":2,"materia":685,"orgao":null,"user":18,"assuntos":[237],"autores":[]}