{"id":1933,"__str__":"Lei Ordin\u00e1ria n\u00ba 2.628, de 02 de julho de 2020","metadata":{},"texto_integral":"http://sapl.cmm.am.gov.br/media/sapl/public/normajuridica/2020/1933/lei_n_2628_de_02_jul_2020.pdf","numero":"2628","ano":2020,"esfera_federacao":"M","data":"2020-07-02","data_publicacao":"2020-07-02","veiculo_publicacao":"Di\u00e1rio Oficial do Munic\u00edpio","pagina_inicio_publicacao":1,"pagina_fim_publicacao":1,"ementa":"Institui no Calend\u00e1rio de Eventos do Munic\u00edpio de Manaus a data comemorativa ao Dia do Trabalhador da Sa\u00fade Municipal, a ser comemorado anualmente no dia 07 de Abril.","indexacao":"PL n.113/2020\r\nAutor: Ver. Prof. Gide\u00e3o Amorim\r\nPublica\u00e7\u00e3o: DOM de 02.07.2020, edi\u00e7\u00e3o n. 4873, Ano XXI\r\nPalavras-chaves: Calend\u00e1rio Oficial da Cidade de Manaus, Dia do Trabalhador da Sa\u00fade Municipal","observacao":"","complemento":false,"data_vigencia":null,"timestamp":"2022-10-10T01:06:44.757778-04:00","data_ultima_atualizacao":"2022-10-10T01:06:44.757967-04:00","ip":"172.17.0.1","ultima_edicao":"2022-10-10T01:06:44.753866-04:00","tipo":2,"materia":750,"orgao":null,"user":18,"assuntos":[9],"autores":[]}