{"id":1913,"__str__":"Lei Ordin\u00e1ria n\u00ba 2.605, de 28 de abril de 2020","metadata":{},"texto_integral":"http://sapl.cmm.am.gov.br/media/sapl/public/normajuridica/2020/1913/lei_n_2605_de_28_abr_2020.pdf","numero":"2605","ano":2020,"esfera_federacao":"M","data":"2020-04-28","data_publicacao":"2020-04-28","veiculo_publicacao":"Di\u00e1rio Oficial do Munic\u00edpio","pagina_inicio_publicacao":1,"pagina_fim_publicacao":1,"ementa":"INSTITUI no Calend\u00e1rio Oficial da Cidade de Manaus, o M\u00eas de Conscientiza\u00e7\u00e3o e Inclus\u00e3o Social das Pessoas com Defici\u00eancia, denominado Setembro\r\nVerde.","indexacao":"PL n. 179/2019\r\nAutoria: Ver. Prof. Fransu\u00e1\r\nPublica\u00e7\u00e3o: DOM de 28.04.2020, edi\u00e7\u00e3o n. 4827, Ano XXI\r\nPalavras-chave: Calend\u00e1rio Oficial da Cidade de Manaus, M\u00eas de Conscientiza\u00e7\u00e3o e Inclus\u00e3o Social das Pessoas com Defici\u00eancia, Setembro Verde,\r\n estimular a participa\u00e7\u00e3o social, conscientizar a fam\u00edlia, a sociedade e o Estado, informa\u00e7\u00e3o, difus\u00e3o dos direitos, divulgar avan\u00e7os, conquistas e boas pr\u00e1ticas de pol\u00edticas p\u00fablicas, identificar desafios, palestras e eventos, m\u00eddias, encontros comunit\u00e1rios, ilumina\u00e7\u00e3o ou decora\u00e7\u00e3o de espa\u00e7os com a cor verde, suporte e visibilidade \u00e0 participa\u00e7\u00e3o na vida comunit\u00e1ria, parceria p\u00fablico-privada","observacao":"","complemento":false,"data_vigencia":null,"timestamp":"2022-10-15T00:07:22.438972-04:00","data_ultima_atualizacao":"2022-10-15T00:07:22.439140-04:00","ip":"172.17.0.1","ultima_edicao":"2022-10-15T00:07:22.435041-04:00","tipo":2,"materia":601,"orgao":null,"user":18,"assuntos":[9,59],"autores":[]}