{"id":1907,"__str__":"Lei Ordin\u00e1ria n\u00ba 2.599, de 08 de abril de 2020","metadata":{},"texto_integral":"http://sapl.cmm.am.gov.br/media/sapl/public/normajuridica/2020/1907/lei_n_2599_de_08_abr_2020_.pdf","numero":"2599","ano":2020,"esfera_federacao":"M","data":"2020-04-08","data_publicacao":"2020-04-08","veiculo_publicacao":"Di\u00e1rio Oficial do Munic\u00edpio","pagina_inicio_publicacao":1,"pagina_fim_publicacao":6,"ementa":"DISP\u00d5E sobre os cargos de Especialistas em Sa\u00fade \u2013 M\u00e9dicos, da Secretaria Municipal de Sa\u00fade (Semsa), e d\u00e1 outras provid\u00eancias.","indexacao":"PL n. 067/2020\r\nAutoria:  Executivo Municipal\r\nPublica\u00e7\u00e3o: DOM de 08.04.2020, edi\u00e7\u00e3o n. 4816, Ano XXI\r\nPalavras-chave: cargos de Especialistas em Sa\u00fade \u2013 M\u00e9dicos, da Secretaria Municipal de Sa\u00fade (Semsa), Servidor P\u00fablico, Cargos, Especialista em Sa\u00fade, M\u00e9dico do Trabalho, M\u00e9dico Intensivista Neonatologista, M\u00e9dico Nefrologista Pediatra, M\u00e9dico Neuropediatra, M\u00e9dico Patologista, M\u00e9dico Cl\u00ednico Geral, CARREIRA, PROFISSIONAL DE SA\u00daDE, CARGOS DE ESPECIALISTAS EM SA\u00daDE \u2013 M\u00c9DICOS, M\u00e9dico Anestesiologista, M\u00e9dico Cardiologista, M\u00e9dico-Cirurgi\u00e3o, M\u00e9dico Dermatologista, M\u00e9dico do Trabalho, M\u00e9dico em Ger\u00eancia de Sistemas e Servi\u00e7os de Sa\u00fade, M\u00e9dico em Planejamento em Sa\u00fade, M\u00e9dico em Pol\u00edtica e Gest\u00e3o em Sa\u00fade, M\u00e9dico Endocrinologista, M\u00e9dico Epidemiologista,  M\u00e9dico Gastroenterologista, M\u00e9dico Ginecologista, M\u00e9dico Ginecologista-Obstetra, M\u00e9dico Hematologista, M\u00e9dico Infectologista, M\u00e9dico Intensivista Neonatologista, M\u00e9dico Mastologista, M\u00e9dico Nefrologista, M\u00e9dico Nefrologista Pediatra, m\u00e9dico Neonatologista, M\u00e9dico Neurologista,  M\u00e9dico Neuropediatra, M\u00e9dico Oftalmologista, M\u00e9dico Ortopedista, M\u00e9dico Otorrinolaringologista, M\u00e9dico Patologista, M\u00e9dico Pediatra, M\u00e9dico Pneumologista, M\u00e9dico Psiquiatra, M\u00e9dico Radiologista, M\u00e9dico Reumatologista, M\u00e9dico Ultrassonografista, M\u00e9dico Urgencista, M\u00e9dico Urologista, M\u00e9dico Vascular, M\u00e9dico Cl\u00ednico Geral\r\nAltera Lei n. 2.480, de 11 de julho de 2019","observacao":"Revoga a Lei n. 2.480, de 11 de julho de 2019.\r\nRevogada pela Lei n. 3.466, de 27.02.2025, Publicada no DOM, de 27.02.2025, Edi\u00e7\u00e3o n. 6021, Ano XXVI.","complemento":false,"data_vigencia":"2025-02-27","timestamp":"2025-03-13T16:25:41.342292-04:00","data_ultima_atualizacao":"2025-03-13T16:25:41.344904-04:00","ip":"172.23.4.225","ultima_edicao":"2025-03-13T16:25:40.875457-04:00","tipo":2,"materia":623,"orgao":null,"user":18,"assuntos":[178,666,305,3],"autores":[]}