{"id":1885,"__str__":"Lei Ordin\u00e1ria n\u00ba 2.577, de 13 de janeiro de 2020","metadata":{},"texto_integral":"http://sapl.cmm.am.gov.br/media/sapl/public/normajuridica/2020/1885/lei_n_2577_de_13_jan_2020.pdf","numero":"2577","ano":2020,"esfera_federacao":"M","data":"2020-01-13","data_publicacao":"2020-01-13","veiculo_publicacao":"Di\u00e1rio Oficial do Munic\u00edpio","pagina_inicio_publicacao":1,"pagina_fim_publicacao":1,"ementa":"INSTITUI e inclui, no Calend\u00e1rio Oficial da Cidade de Manaus, a Semana de Conscientiza\u00e7\u00e3o e Combate ao Feminic\u00eddio e \u00e0 Viol\u00eancia contra a Mulher, e d\u00e1 outras provid\u00eancias.","indexacao":"Projeto de Lei n. 13/2019, \r\nAutoria: Ver. Prof. Samuel\r\nPublica\u00e7\u00e3o: DOM de 13.01.2020, edi\u00e7\u00e3o n. 4757, ano XXI.\r\nTema: Calend\u00e1rio Oficial, Semana de Conscientiza\u00e7\u00e3o e Combate ao Feminic\u00eddio e \u00e0 Viol\u00eancia contra a Mulher, direitos humanos das mulheres, celebrar parcerias com institui\u00e7\u00f5es de iniciativa privada, organizar atividades relacionadas.","observacao":"","complemento":false,"data_vigencia":null,"timestamp":"2022-10-17T14:08:46.980329-04:00","data_ultima_atualizacao":"2022-10-17T14:08:46.980506-04:00","ip":"172.17.0.1","ultima_edicao":"2022-10-17T14:08:46.976149-04:00","tipo":2,"materia":3405,"orgao":null,"user":18,"assuntos":[9],"autores":[]}