{"id":67,"__str__":"Anexo: sapl/public/anexonormajuridica/2022/67/lei_n_2994_de_27_dez_2022_dom.pdf da norma Lei Ordin\u00e1ria n\u00ba 2.994, de 27 de dezembro de 2022","metadata":{},"assunto_anexo":"Patrim\u00f4nio Cultural Imaterial do munic\u00edpio de Manaus a ornamenta\u00e7\u00e3o realizada no per\u00edodo de Copa do Mundo nas Ruas 24 de Agosto \u2013 Morro da Liberdade, Santa Isabel \u2013 Pra\u00e7a 14 de Janeiro, Professora Isaura Barroncas \u2013 Alvorada I e Leonardo Malcher \u2013 Ap","anexo_arquivo":"http://sapl.cmm.am.gov.br/media/sapl/public/anexonormajuridica/2022/67/lei_n_2994_de_27_dez_2022_dom.pdf","ano":2022,"norma":6869}