{"id":152,"__str__":"Anexo: sapl/public/anexonormajuridica/2023/152/resolucao_n_165_de_28_jun_2023_e-dolm.pdf da norma Resolu\u00e7\u00e3o n\u00ba 165, de 28 de junho de 2023","metadata":{},"assunto_anexo":"Cria\u00e7\u00e3o, no \u00e2mbito da C\u00e2mara Municipal de Manaus, da Frente Parlamentar de Rela\u00e7\u00f5es Exteriores.","anexo_arquivo":"http://sapl.cmm.am.gov.br/media/sapl/public/anexonormajuridica/2023/152/resolucao_n_165_de_28_jun_2023_e-dolm.pdf","ano":2023,"norma":6999}