{"id":51615,"__str__":"Veto n\u00ba 5 de 2021 | Veto sobre a proposi\u00e7\u00e3o mantido | 20/09/2021","metadata":{},"timestamp":"2021-09-20T10:00:01.177673-04:00","data_tramitacao":"2021-09-20","data_encaminhamento":null,"urgente":false,"turno":"","texto":"No PLEN\u00c1RIO: Na reuni\u00e3o ordin\u00e1ria do dia 20/09/2021, o veto parcial foi MANTIDO. Votos dos Vereadores Amom Mandel, Raiff Matos e Rodrigo Guedes CONTR\u00c1RIOS ao veto.","data_fim_prazo":null,"ip":"172.23.5.10","ultima_edicao":"2021-09-20T10:35:56.354831-04:00","status":36,"materia":9843,"unidade_tramitacao_local":92,"unidade_tramitacao_destino":29,"user":13}