{"id":40174,"__str__":"Projeto de Lei n\u00ba 259 de 2021 | Vista da proposi\u00e7\u00e3o concedida a pedido do Vereador | 06/07/2021","metadata":{},"timestamp":"2021-07-06T19:43:11.178813-04:00","data_tramitacao":"2021-07-06","data_encaminhamento":null,"urgente":false,"turno":"","texto":"No PLEN\u00c1RIO: Na reuni\u00e3o ordin\u00e1ria do dia 06/07/2021, vistas ao projeto concedidas aos vereadores: 1. AMOM, 2. MARCELO SERAFIM 3. PROF. SAMUEL, . PRAZO: 06/07/2021 a 08/06/2021..","data_fim_prazo":null,"ip":"177.149.101.123","ultima_edicao":"2021-07-06T19:42:17.617494-04:00","status":84,"materia":7024,"unidade_tramitacao_local":92,"unidade_tramitacao_destino":108,"user":13}