{"id":248092,"__str__":"Projeto de Lei n\u00ba 632 de 2026 | Para delibera\u00e7\u00e3o em Plen\u00e1rio | 03/08/2026","metadata":{},"timestamp":"2026-08-03T09:36:15.347748-04:00","data_tramitacao":"2026-08-03","data_encaminhamento":null,"urgente":false,"turno":"","texto":"Para delibera\u00e7\u00e3o em plen\u00e1rio.","data_fim_prazo":null,"ip":"172.23.0.253","ultima_edicao":"2026-08-03T09:35:27.814833-04:00","status":45,"materia":52917,"unidade_tramitacao_local":26,"unidade_tramitacao_destino":27,"user":101}