{"id":245637,"__str__":"Projeto de Resolu\u00e7\u00e3o n\u00ba 2 de 2026 | Para delibera\u00e7\u00e3o em Plen\u00e1rio | 06/04/2026","metadata":{},"timestamp":"2026-04-06T14:30:13.760081-04:00","data_tramitacao":"2026-04-06","data_encaminhamento":null,"urgente":false,"turno":"","texto":"NO PLEN\u00c1RIO: Na reuni\u00e3o ordin\u00e1ria de 06/04/2026, o Projeto entrou na pauta para delibera\u00e7\u00e3o, mas n\u00e3o foi deliberado devido \u00e0 aus\u00eancia do autor. Aguarda pr\u00f3xima inclus\u00e3o em pauta.","data_fim_prazo":null,"ip":"172.23.4.204","ultima_edicao":"2026-04-06T14:29:56.637055-04:00","status":45,"materia":52556,"unidade_tramitacao_local":92,"unidade_tramitacao_destino":27,"user":13}