{"id":240663,"__str__":"Projeto de Lei n\u00ba 363 de 2025 | Para delibera\u00e7\u00e3o em Plen\u00e1rio | 11/08/2025","metadata":{},"timestamp":"2025-08-11T15:30:51.598333-04:00","data_tramitacao":"2025-08-11","data_encaminhamento":null,"urgente":false,"turno":"","texto":"No PLEN\u00c1RIO: Em 11/08/2025, o projeto entrou em pauta para delibera\u00e7\u00e3o, mas n\u00e3o foi deliberado devido \u00e0 aus\u00eancia do autor. Aguarda pr\u00f3xima inclus\u00e3o em pauta.","data_fim_prazo":null,"ip":"172.23.4.153","ultima_edicao":"2025-08-11T15:30:30.870751-04:00","status":45,"materia":51669,"unidade_tramitacao_local":92,"unidade_tramitacao_destino":27,"user":13}