{"id":240599,"__str__":"Projeto de Lei n\u00ba 254 de 2023 | Vista da proposi\u00e7\u00e3o concedida a pedido do Vereador | 06/08/2025","metadata":{},"timestamp":"2025-08-07T17:02:59.280255-04:00","data_tramitacao":"2025-08-06","data_encaminhamento":null,"urgente":false,"turno":"","texto":"No PLEN\u00c1RIO: Na reuni\u00e3o ordin\u00e1ria do dia 06/08/2025, o projeto entrou em pauta para aprova\u00e7\u00e3o do parecer contr\u00e1rio da 3a. Comiss\u00e3o. Vota\u00e7\u00e3o suspensa por pedido de vista ao projeto concedido aos Vereadores EDUARDO ALFAIA, RODRIGO GUEDES e RODRIGO S\u00c1. (Prazo: 06 a 08/08/2025), \u00e0s 10:40h.","data_fim_prazo":null,"ip":"172.23.4.153","ultima_edicao":"2025-08-07T17:02:36.272774-04:00","status":84,"materia":50194,"unidade_tramitacao_local":92,"unidade_tramitacao_destino":115,"user":13}