{"id":233543,"__str__":"Projeto de Lei n\u00ba 367 de 2023 | Aguardando a inclus\u00e3o na ordem do dia | 24/09/2024","metadata":{},"timestamp":"2024-09-24T09:40:10.141166-04:00","data_tramitacao":"2024-09-24","data_encaminhamento":null,"urgente":false,"turno":"","texto":"4\u00aa COMED - RELATOR: Vereador Eduardo Assis (15/08/2024 a 26/08/2024). Parecer favor\u00e1vel. Aprovado o parecer favor\u00e1vel, pela totalidade dos presentes, na reuni\u00e3o extraordin\u00e1ria do dia 16/09/2024.","data_fim_prazo":null,"ip":"172.23.0.222","ultima_edicao":"2024-09-24T09:39:53.890675-04:00","status":4,"materia":50325,"unidade_tramitacao_local":13,"unidade_tramitacao_destino":27,"user":133}