{"id":233027,"__str__":"Veto n\u00ba 21 de 2024 | Para delibera\u00e7\u00e3o em Plen\u00e1rio | 09/08/2024","metadata":{},"timestamp":"2024-08-26T09:47:19.131400-04:00","data_tramitacao":"2024-08-09","data_encaminhamento":"2024-08-09","urgente":false,"turno":"D","texto":"Para inclus\u00e3o na pauta de delibera\u00e7\u00e3o da Ordem do Dia.","data_fim_prazo":null,"ip":"172.23.0.244","ultima_edicao":"2024-08-26T09:46:29.716342-04:00","status":45,"materia":51158,"unidade_tramitacao_local":26,"unidade_tramitacao_destino":27,"user":12}