{"id":215589,"__str__":"Projeto de Lei n\u00ba 502 de 2021 | Vista da proposi\u00e7\u00e3o concedida a pedido do Vereador | 16/08/2023","metadata":{},"timestamp":"2023-08-16T23:38:48.592571-04:00","data_tramitacao":"2023-08-16","data_encaminhamento":null,"urgente":false,"turno":"","texto":"No PLEN\u00c1RIO: Na reuni\u00e3o ordin\u00e1ria do dia 16/08/2023, o projeto entrou em pauta para aprova\u00e7\u00e3o do parecer da 2a. Comiss\u00e3o. Vota\u00e7\u00e3o suspensa por pedido de vista ao projeto concedido aos Vereadores BESSA, PEIXOTO e RAIFF MATOS. (Prazo: 16 a 18/07/2023, \u00e0s 13:05h).","data_fim_prazo":null,"ip":"172.17.0.1","ultima_edicao":"2023-08-16T23:37:56.865201-04:00","status":84,"materia":10936,"unidade_tramitacao_local":92,"unidade_tramitacao_destino":34,"user":13}