{"id":208138,"__str__":"Projeto de Lei n\u00ba 273 de 2022 | Aguardando a inclus\u00e3o na ordem do dia | 03/05/2023","metadata":{},"timestamp":"2023-05-04T11:59:26.661841-04:00","data_tramitacao":"2023-05-03","data_encaminhamento":null,"urgente":false,"turno":"","texto":"No PLEN\u00c1RIO: Na reuni\u00e3o extraordin\u00e1ria do dia 03/05/2023, o projeto entrou em pauta para aprova\u00e7\u00e3o do parecer favor\u00e1vel da 2\u00aa Comiss\u00e3o, mas n\u00e3o foi apreciado devido \u00e0 aus\u00eancia do autor.","data_fim_prazo":null,"ip":"172.17.0.1","ultima_edicao":"2023-05-04T12:00:00.870761-04:00","status":4,"materia":30433,"unidade_tramitacao_local":92,"unidade_tramitacao_destino":27,"user":13}