{"id":206044,"__str__":"Projeto de Lei n\u00ba 171 de 2023 | Para delibera\u00e7\u00e3o em Plen\u00e1rio | 29/03/2023","metadata":{},"timestamp":"2023-03-29T09:17:50.227025-04:00","data_tramitacao":"2023-03-29","data_encaminhamento":"2023-03-29","urgente":false,"turno":"","texto":"Encaminho para delibera\u00e7\u00e3o em Plen\u00e1rio.","data_fim_prazo":null,"ip":"172.17.0.1","ultima_edicao":"2023-03-29T09:17:07.122457-04:00","status":45,"materia":50099,"unidade_tramitacao_local":26,"unidade_tramitacao_destino":27,"user":17}