{"id":156045,"__str__":"Projeto de Lei n\u00ba 316 de 2022 | Para delibera\u00e7\u00e3o em Plen\u00e1rio | 27/09/2022","metadata":{},"timestamp":"2022-09-27T12:25:40.228667-04:00","data_tramitacao":"2022-09-27","data_encaminhamento":null,"urgente":false,"turno":"","texto":"Em 27/09/2022: Projeto entrou na pauta, mas n\u00e3o foi deliberado devido \u00e0 aus\u00eancia do autor. Aguarda a pr\u00f3xima inclus\u00e3o em pauta.","data_fim_prazo":null,"ip":"172.23.5.67","ultima_edicao":"2022-09-27T12:24:12.646034-04:00","status":45,"materia":34016,"unidade_tramitacao_local":92,"unidade_tramitacao_destino":27,"user":13}