{"id":145429,"__str__":"Projeto de Lei n\u00ba 347 de 2021 | Elabora\u00e7\u00e3o Parecer de Vista - Comiss\u00e3o | 13/09/2022","metadata":{},"timestamp":"2022-09-13T09:06:56.841750-04:00","data_tramitacao":"2022-09-13","data_encaminhamento":null,"urgente":false,"turno":"","texto":"Na reuni\u00e3o do dia 12/09/2022, foi concedida vistas ao vereador Marcelo Serafim (13/09/2022-20/09/2022)","data_fim_prazo":null,"ip":"172.23.0.180","ultima_edicao":"2022-09-13T09:06:34.868410-04:00","status":61,"materia":8141,"unidade_tramitacao_local":7,"unidade_tramitacao_destino":7,"user":15}