{"id":108352,"__str__":"Projeto de Lei n\u00ba 230 de 2022 | Vista da proposi\u00e7\u00e3o concedida a pedido do Vereador | 13/06/2022","metadata":{},"timestamp":"2022-06-13T15:22:06.178301-04:00","data_tramitacao":"2022-06-13","data_encaminhamento":null,"urgente":false,"turno":"","texto":"No PLEN\u00c1RIO: Na reuni\u00e3o ordin\u00e1ria do dia 13/06/2022, o projeto entrou em pauta para aprova\u00e7\u00e3o dos pareceres da 2\u00aa e 3\u00aa Comiss\u00f5es. Vota\u00e7\u00e3o suspensa por pedido de vista ao projeto concedido, simultaneamente, aos Vereadores AMOM MANDEL, MARCELO SERAFIM e FRANSU\u00c1.\r\n\r\n*PEDIDO DE VISTA:\r\n1\u00ba pedido: Ver. AMOM (Prazo: 13 a 15/06/2022)\r\n2\u00ba pedido: Ver. MARCELO SERAFIM (Prazo: 13 a 15/06/2022)\r\n3\u00ba pedido: Ver. FRANSU\u00c1 (Prazo: 13 a 15/06/2022)","data_fim_prazo":null,"ip":"172.23.5.67","ultima_edicao":"2022-06-13T15:21:33.886331-04:00","status":84,"materia":29316,"unidade_tramitacao_local":92,"unidade_tramitacao_destino":108,"user":13}