{"id":9602,"__str__":"Projeto de Lei n\u00ba 427 de 2021","metadata":{},"numero":427,"ano":2021,"numero_protocolo":5703,"data_apresentacao":"2021-08-02","tipo_apresentacao":"E","data_publicacao":null,"numero_origem_externa":"","ano_origem_externa":2021,"data_origem_externa":null,"apelido":"","dias_prazo":null,"data_fim_prazo":null,"em_tramitacao":false,"polemica":null,"objeto":"","complementar":null,"ementa":"\u201cInstitui o programa medicamento em casa no \u00e2mbito do Munic\u00edpio de Manaus e d\u00e1  outras provid\u00eancias.\"","indexacao":"\u201cInstitui o programa medicamento em casa no \u00e2mbito do Munic\u00edpio de Manaus e d\u00e1  outras provid\u00eancias.\"","observacao":"DELIBERA\u00c7\u00c3O: 18/08/2021.\r\nEm 18/08/2021: Segue para an\u00e1lise e emiss\u00e3o de parecer da 2a. CCJR.\r\nProcuradoria Legislativa: (19/08/2021 - 26/08/2021)\r\n2\u00b0 CCJR - Relator: Ver.\u00aa Prof.\u00aa Jacqueline (23/08/2021 - 30/08/2021).\r\nEm 03/03/2023: Propositura arquivada. Vereador Amom Mandel, autor da propositura, renunciou ao cargo de vereador no dia 26/01/2023 para assumir o mandato de deputado federal.","resultado":"","texto_original":"http://sapl.cmm.am.gov.br/media/sapl/public/materialegislativa/2021/9602/pl_427_2021_amom_mandel_medicamento_em_casa.pdf","data_ultima_atualizacao":"2023-04-04T11:33:00.824310-04:00","ip":"172.17.0.1","ultima_edicao":"2023-03-05T18:48:41.933095-04:00","tipo":4,"regime_tramitacao":1,"tipo_origem_externa":4,"local_origem_externa":null,"user":101,"anexadas":[],"autores":[134]}