{"id":9601,"__str__":"Projeto de Lei n\u00ba 426 de 2021","metadata":{},"numero":426,"ano":2021,"numero_protocolo":5702,"data_apresentacao":"2021-08-02","tipo_apresentacao":"E","data_publicacao":null,"numero_origem_externa":"","ano_origem_externa":2021,"data_origem_externa":null,"apelido":"","dias_prazo":null,"data_fim_prazo":null,"em_tramitacao":false,"polemica":null,"objeto":"","complementar":null,"ementa":"INSTITUI a Pol\u00edtica Municipal de Est\u00edmulo ao Empreendedorismo Jovem, no \u00e2mbito do Munic\u00edpio de Manaus.","indexacao":"INSTITUI a Pol\u00edtica Municipal de Est\u00edmulo ao Empreendedorismo Jovem, no \u00e2mbito do Munic\u00edpio de Manaus.","observacao":"DELIBERA\u00c7\u00c3O: 30/08/2021.\r\nEm 30/08/2021: Segue para an\u00e1lise e emiss\u00e3o de parecer da 2a. CCJR.\r\nProcuradoria: (31/08/2021 a 07/09/2021)\r\n2\u00b0 CCJR - Relator (a): Ver. Caio Andr\u00e9 (01/09/2021 - 15/09/2021).\r\nEm 03/03/2023: Propositura arquivada. Vereador Amom Mandel, autor da propositura, renunciou ao cargo de vereador no dia 26/01/2023 para assumir o mandato de deputado federal.","resultado":"","texto_original":"http://sapl.cmm.am.gov.br/media/sapl/public/materialegislativa/2021/9601/pl_426_2021_amom_mandel_politica_municipal_de_estimulo_ao_empreendedorismo_jovem_-_vereador_amom_1_1.pdf","data_ultima_atualizacao":"2023-04-04T11:35:50.671426-04:00","ip":"172.17.0.1","ultima_edicao":"2023-03-05T18:47:18.786234-04:00","tipo":4,"regime_tramitacao":1,"tipo_origem_externa":4,"local_origem_externa":null,"user":101,"anexadas":[],"autores":[134]}