{"id":957,"__str__":"Projeto de Lei n\u00ba 135 de 2019","metadata":{},"numero":135,"ano":2019,"numero_protocolo":null,"data_apresentacao":"2019-06-11","tipo_apresentacao":"E","data_publicacao":null,"numero_origem_externa":"","ano_origem_externa":null,"data_origem_externa":null,"apelido":"","dias_prazo":null,"data_fim_prazo":null,"em_tramitacao":false,"polemica":false,"objeto":"Estacionamento","complementar":false,"ementa":"TORNA obrigat\u00f3ria a indica\u00e7\u00e3o do n\u00famero de telefone para reclama\u00e7\u00f5es nas placas sinalizadoras de vagas especiais de estacionamento.","indexacao":"telefone\r\nreclama\u00e7\u00f5es\r\nplacas\r\nsinalizadoras\r\nvagas\r\nespeciais\r\nestacionamento","observacao":"Delibera\u00e7\u00e3o: reuni\u00e3o ordin\u00e1ria de 11.06.2019.\r\nNa PROCURADORIA: (17.06.2019). A Procuradoria exarou parecer favor\u00e1vel \u00e0 mat\u00e9ria.\r\nNa 2\u00aa CCJR \u2013 RELATOR: Ver. Cel. Gilvandro Mota (15.07.2019). Na reuni\u00e3o do dia 09.10.2019 foi aprovado o parecer favor\u00e1vel pela totalidade dos presentes.\r\nNo PLEN\u00c1RIO: Na reuni\u00e3o do dia 21.10.2019 o Plen\u00e1rio acatou o parecer da 2\u00aa Comiss\u00e3o e encaminhou a mat\u00e9ria para an\u00e1lise da 3\u00aa Comiss\u00e3o.\r\nNa 3\u00aa CFEO \u2013 RELATOR: Ver. Dr. Alonso Oliveira (30.10.2019). Na reuni\u00e3o do dia 02.12.2019 foi aprovado o parecer favor\u00e1vel pela totalidade dos presentes.\r\nNo PLEN\u00c1RIO: Na reuni\u00e3o do dia 11.12.2019 o Plen\u00e1rio acatou o parecer da 3\u00aa Comiss\u00e3o e encaminhou a mat\u00e9ria para an\u00e1lise da 10\u00aa Comiss\u00e3o.\r\nNa 10\u00aa COMTICDETRE \u2013 RELATOR: Ver. Diego Afonso (04.03.2020). Na reuni\u00e3o virtual do dia 25.05.2020 foi aprovado o parecer FAVOR\u00c1VEL pela totalidade dos presentes,\r\nNo PLEN\u00c1RIO: Na reuni\u00e3o do dia 01.06.2020 o plen\u00e1rio acatou o parecer da 10\u00aa Comiss\u00e3o e em seguida aprovou a mat\u00e9ria em 1\u00aa discuss\u00e3o. Na reuni\u00e3o do dia 02.06.2020 o Plen\u00e1rio aprovou em 2\u00aa discuss\u00e3o e encaminhou \u00e0 san\u00e7\u00e3o do senhor Prefeito. \r\nNa 2\u00aa CCJR \u2013 REDA\u00c7\u00c3O FINAL - RELATOR: A Comiss\u00e3o. A Comiss\u00e3o aprovou a reda\u00e7\u00e3o final da mat\u00e9ria. Tramitado \u00e0 Divis\u00e3o de Controle e Edi\u00e7\u00e3o de Leis em 04.06.2020.\r\nFoi \u00e0 san\u00e7\u00e3o (OF.N\u00ba).\r\nAPROVADO\r\nLei n.","resultado":"","texto_original":"http://sapl.cmm.am.gov.br/media/sapl/public/materialegislativa/2019/957/pl_135_2019_-_ver._everton_assis.pdf","data_ultima_atualizacao":"2024-06-20T11:35:21.748673-04:00","ip":"191.189.3.211","ultima_edicao":"2020-06-16T16:23:27.151419-04:00","tipo":4,"regime_tramitacao":1,"tipo_origem_externa":null,"local_origem_externa":null,"user":12,"anexadas":[],"autores":[4]}