{"id":947,"__str__":"Projeto de Lei n\u00ba 157 de 2020","metadata":{},"numero":157,"ano":2020,"numero_protocolo":429,"data_apresentacao":"2020-05-21","tipo_apresentacao":"E","data_publicacao":null,"numero_origem_externa":"","ano_origem_externa":2020,"data_origem_externa":null,"apelido":"","dias_prazo":null,"data_fim_prazo":null,"em_tramitacao":false,"polemica":null,"objeto":"","complementar":null,"ementa":"Declara como Patrim\u00f4nio Cultural Imaterial do munic\u00edpio de Manaus, as Bandas Marciais e as Fanfarras.","indexacao":"Patrim\u00f4nio Cultural Imaterial\r\nBandas Marciais\r\nFanfarras","observacao":"Delibera\u00e7\u00e3o: 25.05.2020.\r\nNa PROCURADORIA: (25.05.2020). A Procuradoria exarou parecer favor\u00e1vel \u00e0 mat\u00e9ria.\r\nNa 2\u00aa CCJR \u2013 RELATOR: Ver. Dante (26.05.2020).Aprovado o parecer favor\u00e1vel pela totalidade dos presentes, na reuni\u00e3o virtual do dia 10/06/2020.\r\nNo PLEN\u00c1RIO: Na reuni\u00e3o virtual do dia 15.06.2020 foi aprovado o parecer FAVOR\u00c1VEL da Comiss\u00e3o e encaminhado a 3\u00aa Comiss\u00e3o de Finan\u00e7as, Economia e Or\u00e7amento.\r\nNa 3\u00aa CFEO - Relator: Ver. Prof. Samuel. Aprovado parecer FAVOR\u00c1VEL pela TOTALIDADE dos presentes, na 9\u00aa Reuni\u00e3o Extraordin\u00e1ria virtual do dia 22/06/2020 (segunda-feira).\r\nNo PLEN\u00c1RIO: Na reuni\u00e3o virtual do dia 29.06.2020 foi aprovado o parecer FAVOR\u00c1VEL da  Comiss\u00e3o e encaminhado a 9\u00aa Comiss\u00e3o de Cultura e Patrim\u00f4nio Hist\u00f3rico.\r\nNa 9\u00aa COMCPH - Relator: Ver. Diego Afonso. Aprovado parecer FAVOR\u00c1VEL pela TOTALIDADE dos presentes, na Reuni\u00e3o Virtual do dia 23/07/2020 (quinta-feira).\r\nNo PLEN\u00c1RIO: Na reuni\u00e3o ordin\u00e1ria do dia 03.08.2020 o Plen\u00e1rio acatou o parecer da 9\u00aa Comiss\u00e3o e aprovou a mat\u00e9ria em 1\u00aa discuss\u00e3o.\r\nNo PLEN\u00c1RIO: Na reuni\u00e3o ordin\u00e1ria  do dia 05.08 .2020 foi aprovado  em 2\u00aa discuss\u00e3o. Encaminhado \u00e0 San\u00e7\u00e3o do Senhor Prefeito.\r\nNa 2\u00aa CCJR \u2013 REDA\u00c7\u00c3O FINAL - RELATOR: A Comiss\u00e3o. A Comiss\u00e3o aprovou a reda\u00e7\u00e3o final da mat\u00e9ria. Tramitado \u00e0 Divis\u00e3o de Controle e Edi\u00e7\u00e3o de Leis em 05.08.2020.\r\nFoi \u00e0 san\u00e7\u00e3o (OF.N\u00ba).\r\nAPROVADO","resultado":"","texto_original":"http://sapl.cmm.am.gov.br/media/sapl/public/materialegislativa/2020/947/pl_157_2020_marisson_banda_e_fanfarras_1.pdf","data_ultima_atualizacao":"2024-06-21T09:47:35.058851-04:00","ip":"191.31.44.66","ultima_edicao":"2020-08-05T07:35:29.703264-04:00","tipo":4,"regime_tramitacao":1,"tipo_origem_externa":4,"local_origem_externa":null,"user":95,"anexadas":[],"autores":[34]}