{"id":9396,"__str__":"Projeto de Lei n\u00ba 345 de 2018","metadata":{},"numero":345,"ano":2018,"numero_protocolo":null,"data_apresentacao":"2018-11-12","tipo_apresentacao":"E","data_publicacao":null,"numero_origem_externa":"","ano_origem_externa":null,"data_origem_externa":null,"apelido":"","dias_prazo":null,"data_fim_prazo":null,"em_tramitacao":false,"polemica":null,"objeto":"","complementar":null,"ementa":"INSTITUI o dia 12 de novembro como Dia Municipal do Gestor Escolar e d\u00e1 outras provid\u00eancias.","indexacao":"INSTITUI o dia 12 de novembro como Dia Municipal do Gestor Escolar e d\u00e1 outras provid\u00eancias.","observacao":"Arquivado: Termino do mandato do Vereador. (30/12/2018)\r\n\r\nEncerrada a 17\u00aa Legislatura. Propositura arquivada por for\u00e7a do artigo 151 do Regimento Interno da C\u00e2mara, que prev\u00ea que finda a legislatura, ser\u00e3o arquivadas todas as proposituras deliberadas e n\u00e3o solucionadas. \r\nOBS. Projeto tramitou de forma f\u00edsica. Cadastramento feito posteriormente. N\u00e3o inclu\u00edda a movimenta\u00e7\u00e3o no campo \"Tramita\u00e7\u00e3o\".","resultado":"","texto_original":"http://sapl.cmm.am.gov.br/media/sapl/public/materialegislativa/2018/9396/pl_345_2018_texto_original.pdf","data_ultima_atualizacao":"2021-07-26T08:43:20.933083-04:00","ip":"172.18.1.1","ultima_edicao":"2021-07-26T08:39:24.456280-04:00","tipo":4,"regime_tramitacao":1,"tipo_origem_externa":null,"local_origem_externa":null,"user":134,"anexadas":[],"autores":[55]}