{"id":9384,"__str__":"Projeto de Lei n\u00ba 257 de 2017","metadata":{},"numero":257,"ano":2017,"numero_protocolo":null,"data_apresentacao":"2017-08-24","tipo_apresentacao":"E","data_publicacao":null,"numero_origem_externa":"","ano_origem_externa":null,"data_origem_externa":null,"apelido":"","dias_prazo":null,"data_fim_prazo":null,"em_tramitacao":false,"polemica":null,"objeto":"","complementar":null,"ementa":"INSTITUI os bols\u00f5es de prote\u00e7\u00e3o para bicicletas e motocicletas nas vias p\u00fablica equipadas com sem\u00e1foros de Manaus e d\u00e1 outras provid\u00eancias.","indexacao":"INSTITUI os bols\u00f5es de prote\u00e7\u00e3o para bicicletas e motocicletas nas vias p\u00fablica equipadas com sem\u00e1foros de Manaus e d\u00e1 outras provid\u00eancias.","observacao":"Delibera\u00e7\u00e3o: 18/09/2017\r\nPROCURADORIA: (17/10/2017 - 26/10/2017) Parecer contr\u00e1rio.\r\n\r\nEncerrada a 17\u00aa Legislatura. Propositura arquivada por for\u00e7a do artigo 151 do Regimento Interno da C\u00e2mara, que prev\u00ea que finda a legislatura, ser\u00e3o arquivadas todas as proposituras deliberadas e n\u00e3o solucionadas.\r\nOBS. Projeto tramitou de forma f\u00edsica. Cadastramento feito posteriormente. N\u00e3o inclu\u00edda a movimenta\u00e7\u00e3o no campo \"Tramita\u00e7\u00e3o\".","resultado":"","texto_original":"http://sapl.cmm.am.gov.br/media/sapl/public/materialegislativa/2017/9384/lei_257_2017_joelson_silva.pdf","data_ultima_atualizacao":"2021-07-26T06:28:55.880620-04:00","ip":"172.18.1.1","ultima_edicao":"2021-07-26T06:28:55.877847-04:00","tipo":4,"regime_tramitacao":1,"tipo_origem_externa":null,"local_origem_externa":null,"user":133,"anexadas":[],"autores":[23]}