{"id":9378,"__str__":"Projeto de Lei Complementar n\u00ba 2 de 2017","metadata":{},"numero":2,"ano":2017,"numero_protocolo":null,"data_apresentacao":"2017-08-10","tipo_apresentacao":"E","data_publicacao":null,"numero_origem_externa":"","ano_origem_externa":null,"data_origem_externa":null,"apelido":"","dias_prazo":null,"data_fim_prazo":null,"em_tramitacao":false,"polemica":null,"objeto":"","complementar":null,"ementa":"ALTERA a Lei Complementar n\u00ba. 001, de 17 de julho de 2012, que disciplina o disposto no artigo 16, da Lei Org\u00e2nica do Munic\u00edpio de Manaus e d\u00e1 outras provid\u00eancias.","indexacao":"ALTERA a Lei Complementar n\u00ba. 001, de 17 de julho de 2012, que disciplina o disposto no artigo 16, da Lei Org\u00e2nica do Munic\u00edpio de Manaus e d\u00e1 outras provid\u00eancias.","observacao":"Delibera\u00e7\u00e3o - (15/08/2017)\r\nProcuradoria - (01/09/2017 - 15/09/2017) - Parecer Favor\u00e1vel \r\n\r\n2\u00aa CCJR - Relator: Ver. Prof\u00aa Jacqueline - (25/09/2017 - 0/10/2017) - Parecer Favor\u00e1vel - Aprovado o parecer favor\u00e1vel por  unanimidade dos presentes na reuni\u00e3o do dia 18/010/2017.\r\nNO PLEN\u00c1RIO: Na reuni\u00e3o do dia 25/02/2017, o parecer da CCJR foi favor\u00e1vel e encaminhado a 11\u00aa Comiss\u00e3o.\r\n\r\n11\u00aa COMASLEP - Relator: Ver Reizo C. Branco - (18/03/2019 - 26/03/2019) - Parecer Favor\u00e1vel - Aprovado o parecer favor\u00e1vel pela unanimidade dos presentes na reuni\u00e3o do dia 26/03/2019.\r\n\r\nEncerrada a 17\u00aa Legislatura. Propositura arquivada por for\u00e7a do artigo 151 do Regimento Interno da C\u00e2mara, que prev\u00ea que finda a legislatura, ser\u00e3o arquivadas todas as proposituras deliberadas e n\u00e3o solucionadas. \r\nOBS. Projeto tramitou de forma f\u00edsica. Cadastramento feito posteriormente. N\u00e3o inclu\u00edda a movimenta\u00e7\u00e3o no campo \"Tramita\u00e7\u00e3o\".","resultado":"","texto_original":null,"data_ultima_atualizacao":"2021-07-26T05:50:26.573312-04:00","ip":"172.18.1.1","ultima_edicao":"2021-07-26T05:32:06.990234-04:00","tipo":9,"regime_tramitacao":1,"tipo_origem_externa":null,"local_origem_externa":null,"user":134,"anexadas":[],"autores":[28]}