{"id":9331,"__str__":"Projeto de Lei n\u00ba 277 de 2019","metadata":{},"numero":277,"ano":2019,"numero_protocolo":null,"data_apresentacao":"2019-11-11","tipo_apresentacao":"","data_publicacao":null,"numero_origem_externa":"","ano_origem_externa":null,"data_origem_externa":null,"apelido":"Ronda Escolar","dias_prazo":null,"data_fim_prazo":null,"em_tramitacao":false,"polemica":null,"objeto":"","complementar":null,"ementa":"DISP\u00d5E sobre a Ronda Escolar realizada pela Guarda Municipal no munic\u00edpio de Manaus, e d\u00e1 outras provid\u00eancias.","indexacao":"DISP\u00d5E sobre a Ronda Escolar realizada pela Guarda Municipal no munic\u00edpio de Manaus, e d\u00e1 outras provid\u00eancias.","observacao":"Delibera\u00e7\u00e3o: 11/11/2019.\r\nNo dia 11/11/2019 - Seguiu \u00e0 CCJR para an\u00e1lise e emiss\u00e3o de parecer.\r\nNa PROCURADORIA: 13/11/2019 a 25/11/2019. Parecer contr\u00e1rio em 25/11/2019\r\nNa 2\u00aaCCJR-Relator: Ver. Prof.\u00aa Jacqueline - 03/12/2019 a 11/12/2019. \r\nOBS: Sem parecer f\u00edsico da 2.\u00aa CCJR.\r\nArquivado em 02/01/2020. Fim de Legislatura. Art. 151, Regimento Interno.\r\nOBS: Projeto tramitou de forma f\u00edsica. Cadastramento feito posteriormente. N\u00e3o inclu\u00edda a movimenta\u00e7\u00e3o no campo \"Tramita\u00e7\u00e3o\".","resultado":"","texto_original":"http://sapl.cmm.am.gov.br/media/sapl/public/materialegislativa/2019/9331/pl_277_2019_texto_original.pdf","data_ultima_atualizacao":"2021-07-22T07:53:40.682261-04:00","ip":"172.18.1.1","ultima_edicao":"2021-07-22T07:45:03.820976-04:00","tipo":4,"regime_tramitacao":1,"tipo_origem_externa":null,"local_origem_externa":null,"user":14,"anexadas":[],"autores":[19]}