{"id":9323,"__str__":"Projeto de Lei n\u00ba 112 de 2019","metadata":{},"numero":112,"ano":2019,"numero_protocolo":null,"data_apresentacao":"2019-05-27","tipo_apresentacao":"","data_publicacao":null,"numero_origem_externa":"","ano_origem_externa":null,"data_origem_externa":null,"apelido":"Calend\u00e1rio de Eventos Tur\u00edsticos e Culturais","dias_prazo":null,"data_fim_prazo":null,"em_tramitacao":false,"polemica":null,"objeto":"","complementar":null,"ementa":"INSTITUI o Calend\u00e1rio de Eventos Tur\u00edsticos e Culturais do munic\u00edpio de Manaus.","indexacao":"INSTITUI o Calend\u00e1rio de Eventos Tur\u00edsticos e Culturais do munic\u00edpio de Manaus.","observacao":"Delibera\u00e7\u00e3o: 27/05/2019.\r\nNo dia 27/05/2019 - Seguiu \u00e0 CCJR para an\u00e1lise e emiss\u00e3o de parecer.\r\nNa PROCURADORIA: 31/05/2019 a 06/06/2019. Parecer contr\u00e1rio em 04/06/2019.\r\nNa 2\u00aaCCJR-Relator: Ver. Wallace Oliveira 17/06/2019 a 15/07/2019. Parecer contr\u00e1rio em 01/08/2019.\r\nArquivado. Fim de Legislatura. Art. 151, Regimento Interno.\r\nOBS: Projeto tramitou de forma f\u00edsica. Cadastramento feito posteriormente. N\u00e3o inclu\u00edda a movimenta\u00e7\u00e3o no campo \"Tramita\u00e7\u00e3o\".","resultado":"","texto_original":"http://sapl.cmm.am.gov.br/media/sapl/public/materialegislativa/2019/9323/pl_112_2019_texto_original.pdf","data_ultima_atualizacao":"2021-07-22T07:07:37.573639-04:00","ip":"172.18.1.1","ultima_edicao":"2021-07-22T06:56:32.571687-04:00","tipo":4,"regime_tramitacao":1,"tipo_origem_externa":null,"local_origem_externa":null,"user":14,"anexadas":[],"autores":[31]}