{"id":9320,"__str__":"Projeto de Lei n\u00ba 310 de 2018","metadata":{},"numero":310,"ano":2018,"numero_protocolo":null,"data_apresentacao":"2018-10-04","tipo_apresentacao":"E","data_publicacao":null,"numero_origem_externa":"Msn N\u00b0051","ano_origem_externa":2018,"data_origem_externa":"2018-10-04","apelido":"","dias_prazo":null,"data_fim_prazo":null,"em_tramitacao":false,"polemica":null,"objeto":"","complementar":null,"ementa":"AUTORIZA o Poder Executivo a assegurar, nas Elei\u00e7\u00f5es 2018, gratuidade das tarifas do servi\u00e7o p\u00fablico de transporte coletivo urbano de passageiros do Munic\u00edpio de Manaus.","indexacao":"AUTORIZA o Poder Executivo a assegurar, nas Elei\u00e7\u00f5es 2018, gratuidade das tarifas do servi\u00e7o p\u00fablico de transporte coletivo urbano de passageiros do Munic\u00edpio de Manaus.","observacao":"Procuradoria (06/10/2018)\r\n2\u00b0 CCJR - Relator: Ver. Joelson Silva (06/10/2018) Parecer favor\u00e1vel. Aprovado o parecer favor\u00e1vel pela totalidade dos presentes na reuni\u00e3o do dia 06/10/2018.\r\n3\u00b0 CFEO - Relator: Ver. Prof.\u00ba Samuel (06/10/2018) Parecer favor\u00e1vel. Aprovado o parecer favor\u00e1vel pela totalidade dos presentes na reuni\u00e3o do dia 06/10/2018.\r\n8\u00b0 COMTMUA - Relator Rosivaldo Cordovil (06/10/2018) Parecer favor\u00e1vel. Aprovado o parecer favor\u00e1vel pela totalidade dos presentes na reuni\u00e3o do dia 06/10/2018.\r\n\r\nNo plen\u00e1rio: foi acatado os pareceres da 2\u00b0CCJR, 3\u00b0 CFEO e 8\u00b0 COMTMUA, e aprovado em discuss\u00e3o \u00fanica e encaminhado para a san\u00e7\u00e3o do Prefeito.\r\n\r\nNa 2\u00aa CCJR - RELATOR: A Comiss\u00e3o. Aprovada a reda\u00e7\u00e3o final pela Comiss\u00e3o.\r\nAPROVADO\r\nLEI N\u00ba 2.342 DE 06.10.2018 - DOM de 06.10.2017 (Edi\u00e7\u00e3o 4457).","resultado":"","texto_original":"http://sapl.cmm.am.gov.br/media/sapl/public/materialegislativa/2018/9320/pl_310_2018_texto_do_projeto.pdf","data_ultima_atualizacao":"2024-07-04T12:22:16.003366-04:00","ip":"172.18.1.1","ultima_edicao":"2021-07-22T06:28:24.646436-04:00","tipo":4,"regime_tramitacao":2,"tipo_origem_externa":4,"local_origem_externa":1,"user":133,"anexadas":[],"autores":[106]}