{"id":9310,"__str__":"Projeto de Lei n\u00ba 36 de 2019","metadata":{},"numero":36,"ano":2019,"numero_protocolo":null,"data_apresentacao":"2019-03-25","tipo_apresentacao":"","data_publicacao":null,"numero_origem_externa":"","ano_origem_externa":null,"data_origem_externa":null,"apelido":"Isolamento antecontamina\u00e7\u00e3o nas embalagens","dias_prazo":null,"data_fim_prazo":null,"em_tramitacao":false,"polemica":null,"objeto":"","complementar":null,"ementa":"PRO\u00cdBE a utiliza\u00e7\u00e3o de papel\u00e3o sem isolamento anti contamina\u00e7\u00e3o nas embalagens de pizzas e alimentos afins.","indexacao":"PRO\u00cdBE a utiliza\u00e7\u00e3o de papel\u00e3o sem isolamento anti contamina\u00e7\u00e3o nas embalagens de pizzas e alimentos afins.","observacao":"Delibera\u00e7\u00e3o: 25/03/2019.\r\nNa PROCURADORIA: 01/04/2019 a 08/04/2019. Parecer favor\u00e1vel. (04/04/2019)\r\nNa 2\u00aaCCJR-Relator: Ver. Coronel Gilvandro (17/04/2019 a 24/04/2019). Parecer favor\u00e1vel, por totalidade dos presentes, no dia 24/07/2019.\r\nFoi concedido Vista ao ver. William Abreu no dia 31/07/2019.\r\nFoi concedido Vista ao ver. Marcelo Serafim no dia 14/08/2019.\r\nNa 3\u00aaCFEO-Relator: Ver. Bual - 30/09/2019). Parecer favor\u00e1vel, por totalidade dos presentes, no dia 06/11/2019.\r\nArquivado. Fim de Legislatura. Art. 151, Regimento Interno.\r\nOBS: Projeto tramitou de forma f\u00edsica. Cadastramento feito posteriormente. N\u00e3o inclu\u00edda a movimenta\u00e7\u00e3o no campo \"Tramita\u00e7\u00e3o\".","resultado":"","texto_original":null,"data_ultima_atualizacao":"2021-07-22T09:58:55.341391-04:00","ip":"172.18.1.1","ultima_edicao":"2021-07-22T09:58:55.338095-04:00","tipo":4,"regime_tramitacao":1,"tipo_origem_externa":null,"local_origem_externa":null,"user":14,"anexadas":[],"autores":[16]}