{"id":9301,"__str__":"Projeto de Resolu\u00e7\u00e3o n\u00ba 26 de 2017","metadata":{},"numero":26,"ano":2017,"numero_protocolo":null,"data_apresentacao":"2017-10-03","tipo_apresentacao":"E","data_publicacao":null,"numero_origem_externa":"","ano_origem_externa":null,"data_origem_externa":null,"apelido":"","dias_prazo":null,"data_fim_prazo":null,"em_tramitacao":false,"polemica":null,"objeto":"","complementar":null,"ementa":"DISP\u00d5E sobre a cria\u00e7\u00e3o do PROGRAMA JOVEM APRENDIZ na C\u00e2mara Municipal de Manaus - PROJACMM, voltado \u00e0 forma\u00e7\u00e3o t\u00e9cnico-profissional de jovens, mediante atividades te\u00f3ricas e pr\u00e1ticas desenvolvidas no ambiente de trabalho.","indexacao":"DISP\u00d5E sobre a cria\u00e7\u00e3o do PROGRAMA JOVEM APRENDIZ na C\u00e2mara Municipal de Manaus - PROJACMM, voltado \u00e0 forma\u00e7\u00e3o t\u00e9cnico-profissional de jovens, mediante atividades te\u00f3ricas e pr\u00e1ticas desenvolvidas no ambiente de trabalho.","observacao":"N\u00e3o deliberado. A mat\u00e9ria n\u00e3o foi deliberada no ano de 2017. O autor foi comunicado para reapresentar.\r\n\r\nEncerrada a 17\u00aa Legislatura. Propositura arquivada por for\u00e7a do artigo 151 do Regimento Interno da C\u00e2mara, que prev\u00ea que finda a legislatura, ser\u00e3o arquivadas todas as proposituras deliberadas e n\u00e3o solucionadas.\r\nOBS. Projeto tramitou de forma f\u00edsica. Cadastramento feito posteriormente. N\u00e3o inclu\u00edda a movimenta\u00e7\u00e3o no campo \"Tramita\u00e7\u00e3o\".","resultado":"","texto_original":"http://sapl.cmm.am.gov.br/media/sapl/public/materialegislativa/2017/9301/pr_026_2017_texto_do_projeto.pdf","data_ultima_atualizacao":"2021-07-21T05:56:19.063948-04:00","ip":"172.18.1.1","ultima_edicao":"2021-07-21T05:49:44.801602-04:00","tipo":5,"regime_tramitacao":1,"tipo_origem_externa":null,"local_origem_externa":null,"user":133,"anexadas":[],"autores":[57]}