{"id":930,"__str__":"Projeto de Lei n\u00ba 153 de 2020","metadata":{},"numero":153,"ano":2020,"numero_protocolo":419,"data_apresentacao":"2020-05-18","tipo_apresentacao":"E","data_publicacao":null,"numero_origem_externa":"","ano_origem_externa":2020,"data_origem_externa":null,"apelido":"","dias_prazo":null,"data_fim_prazo":null,"em_tramitacao":false,"polemica":null,"objeto":"","complementar":null,"ementa":"DISP\u00d5E sobre o Plano de Reativa\u00e7\u00e3o Econ\u00f4mica no munic\u00edpio de Manaus em decorr\u00eancia da pandemia causada pelo COVID -19 e d\u00e1 outras provid\u00eancias.","indexacao":"Plano\r\nReativa\u00e7\u00e3o\r\nEcon\u00f4mica\r\ndecorr\u00eancia\r\npandemia\r\ncovid-19","observacao":"DELIBERA\u00c7\u00c3O: 25.05.2020.\r\nProcuradoria: contr\u00e1rio\r\n2\u00aa CCJR - Relator: Ver. Cel. Gilvandro. Parecer contr\u00e1rio\r\nArquivado. Fim de Legislatura. Art. 151. RI.","resultado":"","texto_original":"http://sapl.cmm.am.gov.br/media/sapl/public/materialegislativa/2020/930/pl_153_2020_fransua_reativacao_economica_1.pdf","data_ultima_atualizacao":"2023-07-04T11:44:10.605735-04:00","ip":"191.30.213.169","ultima_edicao":"2021-02-18T15:56:03.155439-04:00","tipo":4,"regime_tramitacao":1,"tipo_origem_externa":4,"local_origem_externa":null,"user":15,"anexadas":[],"autores":[19]}