{"id":9270,"__str__":"Projeto de Lei n\u00ba 269 de 2019","metadata":{},"numero":269,"ano":2019,"numero_protocolo":null,"data_apresentacao":"2019-07-17","tipo_apresentacao":"E","data_publicacao":null,"numero_origem_externa":"","ano_origem_externa":null,"data_origem_externa":null,"apelido":"Inser\u00e7\u00e3o de mensagem na contra capa do IPTU","dias_prazo":null,"data_fim_prazo":null,"em_tramitacao":false,"polemica":null,"objeto":"","complementar":null,"ementa":"Torna obrigat\u00f3ria a inser\u00e7\u00e3o de mensagem na contra capa do carn\u00ea do IPTU, a especifica\u00e7\u00e3o dos contribuintes que tem direito a isen\u00e7\u00e3o na forma que especifica.","indexacao":"Torna obrigat\u00f3ria a inser\u00e7\u00e3o de mensagem na contra capa do carn\u00ea do IPTU, a especifica\u00e7\u00e3o dos contribuintes que tem direito a isen\u00e7\u00e3o na forma que especifica.","observacao":"Delibera\u00e7\u00e3o: 11/11/2019.\r\nNa PROCURADORIA: 13/11/2019-25/11/2019. Parecer contr\u00e1rio.\r\nNa 2\u00aaCCJR-Relator: Ver. Fred Mota (03/12/2019 - 11/12/2019). Parecer contr\u00e1rio no dia 28/02/2020.\r\nArquivado. Fim de Legislatura. Art. 151, Regimento Interno.\r\nOBS: Projeto tramitou de forma f\u00edsica. Cadastramento feito posteriormente. N\u00e3o inclu\u00edda a movimenta\u00e7\u00e3o no campo \"Tramita\u00e7\u00e3o\".","resultado":"","texto_original":null,"data_ultima_atualizacao":"2021-07-20T05:58:00.996240-04:00","ip":"191.189.2.32","ultima_edicao":"2021-07-20T05:51:17.926964-04:00","tipo":4,"regime_tramitacao":1,"tipo_origem_externa":null,"local_origem_externa":null,"user":101,"anexadas":[],"autores":[54]}