{"id":891,"__str__":"Projeto de Lei n\u00ba 145 de 2020","metadata":{},"numero":145,"ano":2020,"numero_protocolo":384,"data_apresentacao":"2020-05-12","tipo_apresentacao":"E","data_publicacao":null,"numero_origem_externa":"","ano_origem_externa":2020,"data_origem_externa":null,"apelido":"","dias_prazo":null,"data_fim_prazo":null,"em_tramitacao":false,"polemica":false,"objeto":"Higieniza\u00e7\u00e3o","complementar":false,"ementa":"INCLUI o \u201cDia Municipal de Higieniza\u00e7\u00e3o das M\u00e3os\u201d (05 de maio), no Calend\u00e1rio do Munic\u00edpio de Manaus.","indexacao":"Inclui\r\nDia Municipal Higieniza\u00e7\u00e3o das M\u00e3os\r\n05 de maio\r\ncalend\u00e1rio do Munic\u00edpio de Manaus","observacao":"Delibera\u00e7\u00e3o: reuni\u00e3o plen\u00e1ria ordin\u00e1ria virtual de 19.04.2020.\r\nNa PROCURADORIA: Parecer favor\u00e1vel\r\nNa 2\u00aa CCJR: Relator: Ver. Marcel. Parecer favor\u00e1vel. Na reuni\u00e3o virtual do dia 30/06/2020, foi aprovado o parecer favor\u00e1vel pela totalidade dos presentes.\r\nNo PLEN\u00c1RIO: Na reuni\u00e3o ordin\u00e1ria do dia 06.07.2020 o Plen\u00e1rio acatou o parecer da 2\u00aa Comiss\u00e3o e, em seguida, aprovou a mat\u00e9ria em 1\u00aa discuss\u00e3o.  No PLEN\u00c1RIO: Na reuni\u00e3o do dia 07.07.2020 foi aprovado  em 2\u00aa discuss\u00e3o. Encaminhado \u00e0 San\u00e7\u00e3o do Senhor Prefeito.\r\nNa 2\u00aa CCJR \u2013 REDA\u00c7\u00c3O FINAL - RELATOR: A Comiss\u00e3o. A Comiss\u00e3o aprovou a reda\u00e7\u00e3o final da mat\u00e9ria. Tramitado \u00e0 Divis\u00e3o de Controle e Edi\u00e7\u00e3o de Leis em  07.07.2020.\r\nFoi \u00e0 san\u00e7\u00e3o (OF.N\u00ba).\r\nAPROVADO","resultado":"","texto_original":"http://sapl.cmm.am.gov.br/media/sapl/public/materialegislativa/2020/891/pl_145_2020_amauri_colares_dia_municipal_de_higienizacao_das_maos_-_calendario_municipal_1.pdf","data_ultima_atualizacao":"2024-06-20T13:45:03.838816-04:00","ip":"177.158.247.15","ultima_edicao":"2020-07-07T08:06:18.175104-04:00","tipo":4,"regime_tramitacao":1,"tipo_origem_externa":4,"local_origem_externa":null,"user":95,"anexadas":[],"autores":[12]}