{"id":8782,"__str__":"Projeto de Lei n\u00ba 234 de 2019","metadata":{},"numero":234,"ano":2019,"numero_protocolo":null,"data_apresentacao":"2019-06-28","tipo_apresentacao":"E","data_publicacao":null,"numero_origem_externa":"","ano_origem_externa":null,"data_origem_externa":null,"apelido":"Vagas em creches","dias_prazo":null,"data_fim_prazo":null,"em_tramitacao":false,"polemica":null,"objeto":"","complementar":null,"ementa":"Reserva vagas em creches para crian\u00e7as em idade compat\u00edvel, filhas (os) de mulheres v\u00edtimas de viol\u00eancia dom\u00e9stica, de natureza f\u00edsica e/ou sexual.","indexacao":"Reserva vagas em creches para crian\u00e7as em idade compat\u00edvel, filhas (os) de mulheres v\u00edtimas de viol\u00eancia dom\u00e9stica, de natureza f\u00edsica e/ou sexual.","observacao":"Delibera\u00e7\u00e3o: 16/10/2019.\r\nRetirado de tramita\u00e7\u00e3o pelo autor. Memorando 080/2019, de 30/10/2019.\r\nArquivado. Fim de Legislatura. Art. 151, Regimento Interno.\r\nOBS: Projeto tramitou de forma f\u00edsica. Cadastramento feito posteriormente. N\u00e3o inclu\u00edda a movimenta\u00e7\u00e3o no campo \"Tramita\u00e7\u00e3o\".","resultado":"","texto_original":"http://sapl.cmm.am.gov.br/media/sapl/public/materialegislativa/2019/8782/pl_234_2019_texto.pdf","data_ultima_atualizacao":"2021-07-04T07:23:23.738841-04:00","ip":"191.189.2.32","ultima_edicao":"2021-07-04T07:15:25.786163-04:00","tipo":4,"regime_tramitacao":1,"tipo_origem_externa":null,"local_origem_externa":null,"user":101,"anexadas":[],"autores":[32]}