{"id":8750,"__str__":"Projeto de Lei n\u00ba 386 de 2021","metadata":{},"numero":386,"ano":2021,"numero_protocolo":5038,"data_apresentacao":"2021-07-02","tipo_apresentacao":"E","data_publicacao":null,"numero_origem_externa":"","ano_origem_externa":2021,"data_origem_externa":null,"apelido":"","dias_prazo":null,"data_fim_prazo":null,"em_tramitacao":false,"polemica":null,"objeto":"","complementar":null,"ementa":"Disp\u00f5e sobre obrigatoriedade da disponibiliza\u00e7\u00e3o de ox\u00edmetro em estabelecimentos farmac\u00eauticos no Munic\u00edpio de Manaus e d\u00e1 outras provid\u00eancias.","indexacao":"Disp\u00f5e sobre obrigatoriedade da disponibiliza\u00e7\u00e3o de ox\u00edmetro em estabelecimentos farmac\u00eauticos no Munic\u00edpio de Manaus e d\u00e1 outras provid\u00eancia","observacao":"DELIBERA\u00c7\u00c3O: 02/08/2021.\r\nEm 02/08/2021: Segue para an\u00e1lise e emiss\u00e3o de parecer da 2a. CCJR.\r\nProcuradoria: (03/08/2021 - 10/08/2021) - favor\u00e1vel \r\n2\u00aa CCJR - Relator: Ver\u00aa Thaysa Lippy (04/08/2021 a 16/08/2021). Parecer favor\u00e1vel. Aprovado o parecer favor\u00e1vel, pela totalidade dos presentes, na reuni\u00e3o do dia 8/3/2023.\r\nNo PLEN\u00c1RIO: Na reuni\u00e3o ordin\u00e1ria do dia 15/03/2023, foi aprovado o parecer favor\u00e1vel da 2\u00aa Comiss\u00e3o. Projeto encaminhado \u00e0 3\u00aa Comiss\u00e3o para an\u00e1lise e emiss\u00e3o de parecer.\r\n3\u00aa CFEO - Relator: vereador Joelson Silva (20.03 a 28.03.23). Pedido de vistas do vereador Marcelo Serafim (04.04 a 13.04.23). Aprovado o parecer favor\u00e1vel pela totalidade dos presentes \u00e0 7\u00aa reuni\u00e3o ordin\u00e1ria da CFEO, realizada no dia 08 de maio de 2023.\r\nNo PLEN\u00c1RIO: Na reuni\u00e3o ordin\u00e1ria do dia 16/08/2023, o projeto foi RETIRADO DE TRAMITA\u00c7\u00c3O pelo autor.\r\nPROJETO ARQUIVADO.","resultado":"","texto_original":"http://sapl.cmm.am.gov.br/media/sapl/public/materialegislativa/2021/8750/pl_386_2021_marcel_alexandre_obrigatoriedade_da_disponibilizacao_de_oximetro.pdf","data_ultima_atualizacao":"2023-08-16T23:57:28.249750-04:00","ip":"172.17.0.1","ultima_edicao":"2023-08-16T23:54:16.550677-04:00","tipo":4,"regime_tramitacao":1,"tipo_origem_externa":4,"local_origem_externa":null,"user":13,"anexadas":[],"autores":[27]}