{"id":871,"__str__":"Projeto de Lei n\u00ba 141 de 2020","metadata":{},"numero":141,"ano":2020,"numero_protocolo":366,"data_apresentacao":"2020-05-11","tipo_apresentacao":"E","data_publicacao":null,"numero_origem_externa":"","ano_origem_externa":2020,"data_origem_externa":null,"apelido":"","dias_prazo":null,"data_fim_prazo":null,"em_tramitacao":false,"polemica":false,"objeto":"Covid-19","complementar":false,"ementa":"DISP\u00d5E sobre a cria\u00e7\u00e3o do Selo Empresa Parceira ao combate do Coronav\u00edrus \u2013 Covid-19 do Munic\u00edpio de Manaus e d\u00e1 outras provid\u00eancias.","indexacao":"Disp\u00f5e\r\ncria\u00e7\u00e3o\r\nSelo Empresa Parceria\r\ncombate\r\nCoronav\u00edrus -covid-19","observacao":"Delibera\u00e7\u00e3o: reuni\u00e3o virtual de 12.05.2020.\r\nNa PROCURADORIA: (12.05.2020). A Procuradoria exarou parecer favor\u00e1vel \u00e0 mat\u00e9ria.\r\nNa 2\u00aa CCJR \u2013 RELATOR: Ver. Raulzinho (13.05.2020). Na reuni\u00e3o virtual do dia 26.05.2020 foi aprovado o parecer favor\u00e1vel pela totalidade dos presentes.\r\nNo PLEN\u00c1RIO: Na reuni\u00e3o virtual do dia 01.06.2020 o Plen\u00e1rio acatou o parecer da 2\u00aa Comiss\u00e3o e encaminhou a mat\u00e9ria para an\u00e1lise da 3\u00aa Comiss\u00e3o.\r\nNa 3\u00aa CFEO \u2013 RELATOR: Ver. Marcel Alexandre - Na reuni\u00e3o extraordin\u00e1ria virtual do dia 02.06.2020 (ter\u00e7a-feira) foi aprovado o parecer FAVOR\u00c1VEL pela unanimidade dos membros.\r\nNo PLEN\u00c1RIO: Na reuni\u00e3o virtual do dia 08.06.2020 o Plen\u00e1rio acatou o parecer da 3\u00aa Comiss\u00e3o e encaminhou a mat\u00e9ria para an\u00e1lise da 6\u00aa Comiss\u00e3o. \r\nNa 6\u00aa  COMSAU \u2013 RELATOR: Ver. Marcelo Serafim. Na 13\u00aa reuni\u00e3o extraordin\u00e1ria do dia 16.06.2020, virtual, foi aprovado o parecer favor\u00e1vel pela  totalidade dos presentes.\r\nNo PLEN\u00c1RIO: Na reuni\u00e3o virtual do dia 22.06.2020 o plen\u00e1rio acatou o parecer da 6\u00aa Comiss\u00e3o em seguida encaminhou para analise da 10\u00aa Comiss\u00e3o de Turismo, Industria, Com\u00e9rcio, Desenvolvimento Econ\u00f4mico, Trabalho e Renda .\r\nNa 10\u00aa - COMTCDETRE- Relator: Ver. Diego Afonso - Na reuni\u00e3o extraordin\u00e1ria virtual do dia 23.07.2020 (quinta-feira), foi aprovado o parecer favor\u00e1vel pela totalidade dos presentes.\r\nNo PLEN\u00c1RIO: Na reuni\u00e3o ordin\u00e1rial do dia 03.08.2020 o Plen\u00e1rio acatou o parecer da10\u00aa Comiss\u00e3o e aprovou a mat\u00e9ria em 1\u00aa discuss\u00e3o.\r\nNo PLEN\u00c1RIO: Na reuni\u00e3o ordin\u00e1ria  do dia 05.08 .2020 foi aprovado  em 2\u00aa discuss\u00e3o. Encaminhado \u00e0 San\u00e7\u00e3o do Senhor Prefeito.\r\nNa 2\u00aa CCJR \u2013 REDA\u00c7\u00c3O FINAL - RELATOR: A Comiss\u00e3o. A Comiss\u00e3o aprovou a reda\u00e7\u00e3o final da mat\u00e9ria. Tramitado \u00e0 Divis\u00e3o de Controle e Edi\u00e7\u00e3o de Leis em 05.08.2020.\r\nFoi \u00e0 san\u00e7\u00e3o (OF.N\u00ba).\r\nAPROVADO","resultado":"","texto_original":"http://sapl.cmm.am.gov.br/media/sapl/public/materialegislativa/2020/871/pl_141_2020_amauri_colares_15_dispoe_sobre_a_criacao_do_selo_empresa_parceira_ao_combate_covid-19_1.pdf","data_ultima_atualizacao":"2024-06-21T09:52:04.609858-04:00","ip":"191.31.44.66","ultima_edicao":"2020-08-05T07:37:13.183238-04:00","tipo":4,"regime_tramitacao":1,"tipo_origem_externa":4,"local_origem_externa":null,"user":95,"anexadas":[],"autores":[12]}