{"id":859,"__str__":"Projeto de Lei n\u00ba 140 de 2020","metadata":{},"numero":140,"ano":2020,"numero_protocolo":354,"data_apresentacao":"2020-05-07","tipo_apresentacao":"E","data_publicacao":null,"numero_origem_externa":"","ano_origem_externa":2020,"data_origem_externa":null,"apelido":"","dias_prazo":null,"data_fim_prazo":null,"em_tramitacao":false,"polemica":false,"objeto":"Covid-19","complementar":false,"ementa":"\u201cDisp\u00f5e sobre a concess\u00e3o de aux\u00edlio emergencial aos permission\u00e1rios do servi\u00e7o de t\u00e1xi e auxiliares, bem como os motot\u00e1xis e seus auxiliares em virtude dos impactos sociais e econ\u00f4micos da pandemia de COVID-19\u201d","indexacao":"Disp\u00f5e\r\nconcess\u00e3o\r\naux\u00edlio emergencial\r\npermission\u00e1rios\r\nservi\u00e7o \r\ntaxi e auxiliares\r\nmototaxis\r\nimpactos sociais\r\necon\u00f4micos\r\npandemia\r\nCOVID-19","observacao":"Delibera\u00e7\u00e3o: reuni\u00e3o plen\u00e1ria virtual de 11.05.2020. Encaminhar para an\u00e1lise da 2\u00aa CCJR.\r\nNa PROCURADORIA: (11.05.2020). A Procuradoria exarou parecer contr\u00e1rio \u00e0 mat\u00e9ria.\r\nNa 2\u00aa CCJR \u2013 RELATOR: Ver. Raulzinho (13.05.2020). Na reuni\u00e3o virtual do dia 02.06.2020 foi aprovado o parecer contr\u00e1rio pela totalidade dos presentes.\r\nNo PLEN\u00c1RIO: Na reuni\u00e3o extraordin\u00e1ria virtual do dia 16.06.2020 foi lido o despacho do Presidente da C\u00e2mara determinando o arquivamento da mat\u00e9ria, tendo o autor o prazo de cinco dias \u00fateis para recorrer, com base no \u00a7 1.\u00ba do art. 38 do Regimento Interno. O prazo do autor ou do l\u00edder para recorrer encerra em 23.06.2020.\r\nREJEITADO (PELA 2\u00aa CCJR).","resultado":"","texto_original":"http://sapl.cmm.am.gov.br/media/sapl/public/materialegislativa/2020/859/pl_140_2020_bessa_auxa_lio_taxistas_e_mototaxistas_1.pdf","data_ultima_atualizacao":"2020-06-23T07:24:31.877079-04:00","ip":"177.158.252.145","ultima_edicao":"2020-06-16T08:05:07.052076-04:00","tipo":4,"regime_tramitacao":1,"tipo_origem_externa":4,"local_origem_externa":null,"user":95,"anexadas":[],"autores":[9]}