{"id":857,"__str__":"Projeto de Lei n\u00ba 138 de 2020","metadata":{},"numero":138,"ano":2020,"numero_protocolo":352,"data_apresentacao":"2020-05-07","tipo_apresentacao":"E","data_publicacao":null,"numero_origem_externa":"","ano_origem_externa":2020,"data_origem_externa":null,"apelido":"","dias_prazo":null,"data_fim_prazo":null,"em_tramitacao":false,"polemica":null,"objeto":"Covid-19","complementar":null,"ementa":"INSTITUI o memorial \u00e0s v\u00edtimas da pandemia do novo Coronav\u00edrus \u2013 COVID-19 no Munic\u00edpio de Manaus.","indexacao":"Institui\r\nmemorial\r\nvitimas\r\npandemia\r\nnovo coronav\u00edrus\r\nCOVID-19","observacao":"Delibera\u00e7\u00e3o: reuni\u00e3o plen\u00e1ria virtual de 11.05.2020.\r\nNa PROCURADORIA: (11.05.2020). A Procuradoria exarou parecer contr\u00e1rio \u00e0 mat\u00e9ria.\r\nNa 2\u00aa CCJR \u2013 RELATOR: Ver. Wallace Oliveira (13.05.2020). Na reuni\u00e3o virtual de 26.05.2020 foi aprovado o parecer contr\u00e1rio pela totalidade dos presentes.\r\nA mat\u00e9ria foi retirada de tramita\u00e7\u00e3o pelo autor, por meio do Memorando n\u00ba 090/2020 - GVAC de 07.05.2020.\r\nRETIRADA","resultado":"","texto_original":"http://sapl.cmm.am.gov.br/media/sapl/public/materialegislativa/2020/857/pl_138_2020_amauri_colares_institui_memorial_vitimas_coronavirus_-_covid-19_em_manaus_1.pdf","data_ultima_atualizacao":"2020-06-01T16:43:04.331969-04:00","ip":"191.189.3.211","ultima_edicao":"2020-06-01T16:39:20.011186-04:00","tipo":4,"regime_tramitacao":1,"tipo_origem_externa":4,"local_origem_externa":null,"user":12,"anexadas":[],"autores":[12]}