{"id":8527,"__str__":"Projeto de Lei n\u00ba 375 de 2021","metadata":{},"numero":375,"ano":2021,"numero_protocolo":4834,"data_apresentacao":"2021-06-25","tipo_apresentacao":"E","data_publicacao":null,"numero_origem_externa":"","ano_origem_externa":2021,"data_origem_externa":null,"apelido":"","dias_prazo":null,"data_fim_prazo":null,"em_tramitacao":true,"polemica":null,"objeto":"","complementar":null,"ementa":"\u201cDisp\u00f5e sobre reserva de vagas para popula\u00e7\u00e3o com hipossufici\u00eancia econ\u00f4mica nos concursos p\u00fablicos para provimento de cargos efetivos e empregos p\u00fablicos integrantes dos quadros permanentes de pessoal dos poderes executivo, legislativo e das entidades da administra\u00e7\u00e3o indireta do munic\u00edpio de Manaus e d\u00e1 outras provid\u00eancias\u201d.","indexacao":"\u201cDisp\u00f5e sobre reserva de vagas para popula\u00e7\u00e3o com hipossufici\u00eancia econ\u00f4mica nos concursos p\u00fablicos para provimento de cargos efetivos e empregos p\u00fablicos integrantes dos quadros permanentes de pessoal dos poderes executivo, legislativo e das entidades da administra\u00e7\u00e3o indireta do munic\u00edpio de Manaus e d\u00e1 outras provid\u00eancias\u201d.","observacao":"DELIBERA\u00c7\u00c3O: 02/08/2021.\r\nEm 02/08/2021: Segue para an\u00e1lise e emiss\u00e3o de parecer da 2a. CCJR.\r\nProcuradoria: (03/08/2021 - 10/08/2021) -  Parecer favor\u00e1vel \r\n2\u00aa CCJR -  Relator: Ver. Eduardo Assis (04/08/2021 a 16/08/2021). Parecer favor\u00e1vel.\r\nNa reuni\u00e3o do dia 19/04/2022, foi concedida vistas \u00e0 ver.\u00aa Prof.\u00aa Jacqueline (19/04/2022-26/04/2022).\r\nMat\u00e9ria sobrestada, aguardando provid\u00eancias do autor.\r\nNa reuni\u00e3o do dia 10/5/2023, o projeto foi retirado da pauta a pedido do autor.\r\n2\u00aa CCJR -  Relator: Ver. Eduardo Assis (04/08/2021 a 16/08/2021). Parecer favor\u00e1vel. Aprovado o parecer favor\u00e1vel, pela totalidade dos presentes, na reuni\u00e3o ordin\u00e1ria do dia 18/10/2023.\r\nOBS: Projeto ARQUIVADO em decorr\u00eancia da PERDA DE MANDATO do autor, vereador Peixoto, conforme Ato da Mesa Diretora n. 001/2024 - DL/GP/CMM, de 04/04/2024.\r\nMAT\u00c9RIA ARQUIVADA.","resultado":"","texto_original":"http://sapl.cmm.am.gov.br/media/sapl/public/materialegislativa/2021/8527/pl_375_2021_peixoto_concurso_publico_.pdf","data_ultima_atualizacao":"2024-04-23T10:46:13.014954-04:00","ip":"172.23.1.59","ultima_edicao":"2024-04-23T10:45:37.084476-04:00","tipo":4,"regime_tramitacao":1,"tipo_origem_externa":4,"local_origem_externa":null,"user":31,"anexadas":[],"autores":[135]}