{"id":8302,"__str__":"Projeto de Lei n\u00ba 20 de 2017","metadata":{},"numero":20,"ano":2017,"numero_protocolo":null,"data_apresentacao":"2017-02-15","tipo_apresentacao":"E","data_publicacao":null,"numero_origem_externa":"","ano_origem_externa":null,"data_origem_externa":null,"apelido":"Informa\u00e7\u00e3o ao Legisl. sobre tarifas de Transporte.","dias_prazo":null,"data_fim_prazo":null,"em_tramitacao":false,"polemica":null,"objeto":"","complementar":null,"ementa":"Disp\u00f5e sobre a obrigatoriedade de informa\u00e7\u00e3o ao Legislativo sobre as altera\u00e7\u00f5es nas tarifas do Servi\u00e7o de Transporte P\u00fablico de Passageiros no munic\u00edpio de Manaus.","indexacao":"Disp\u00f5e sobre a obrigatoriedade de informa\u00e7\u00e3o ao Legislativo sobre as altera\u00e7\u00f5es nas tarifas do Servi\u00e7o de Transporte P\u00fablico de Passageiros no munic\u00edpio de Manaus.","observacao":"Delibera\u00e7\u00e3o: 20/02/2017.\r\nNa PROCURADORIA: 15/03/2017-21/03/2017. Parecer contr\u00e1rio.\r\nNa 2\u00aaCCJR-Relator: Ver. Marcel Alexandre (22/03/2017-03/04/2017). Parecer contr\u00e1rio. Aprovado o parecer contr\u00e1rio pela maioria  dos presentes, no dia 05/03/2017. Voto contr\u00e1rio do vereador Dr. Ewerton.\r\nNo Plen\u00e1rio: Pedido de vistas do vereador Jaildo, no dia 07/06/2017.\r\nArquivado. Fim de Legislatura. Art. 151, Regimento Interno.\r\nOBS: Projeto tramitou de forma f\u00edsica. Cadastramento feito posteriormente. N\u00e3o inclu\u00edda a movimenta\u00e7\u00e3o no campo \"Tramita\u00e7\u00e3o\".","resultado":"","texto_original":"http://sapl.cmm.am.gov.br/media/sapl/public/materialegislativa/2017/8302/pl_020_2017_texto.pdf","data_ultima_atualizacao":"2021-06-21T16:49:33.407173-04:00","ip":"191.189.2.32","ultima_edicao":"2021-06-21T16:35:21.879732-04:00","tipo":4,"regime_tramitacao":1,"tipo_origem_externa":null,"local_origem_externa":null,"user":101,"anexadas":[],"autores":[29]}